{"id":451,"date":"2024-10-20T06:12:27","date_gmt":"2024-10-20T06:12:27","guid":{"rendered":"https:\/\/visitcetinje.com\/lat\/?p=451"},"modified":"2024-10-23T06:35:09","modified_gmt":"2024-10-23T04:35:09","slug":"zabljak-crnojevica","status":"publish","type":"post","link":"https:\/\/visitcetinje.com\/lat\/zabljak-crnojevica\/","title":{"rendered":"\u017dabljak Crnojevi\u0107a"},"content":{"rendered":"\n<p class=\"wp-block-paragraph\">\u017dabljak Crnojevi\u0107a je ostrvska tvr\u0111ava u Skadarskom jezeru u blizini u\u0161\u0107a Mora\u010de. Pretpostavlja se da je \u017dabljak osnovan tokom X veka, dok prva poznata pisana svedo\u010danstva o njemu poti\u010du iz sredine XV veka. Bio je u posedu vlastelinske porodice Crnojevi\u0107a, pa je po tome i dobio naziv. Postaje prestonica Crnojevi\u0107a, do 1478. godine, kada ga zauzimaju Osmanlije. \u017dabljak Crnojevi\u0107a je bio opasan jakim bedemima sa kulama, a imao je jednu kapiju. U gradu su se osim dvora Crnojevi\u0107a nalazili: crkva Sv. \u0110or\u0111a (u vreme Osmanlija pretvorena u d\u017eamiju) stambeni i vojni objekti, kao i skladi\u0161ta za robu i cisterna za vodu. Od strane Crnogoraca \u017dabljak je osvojen i popaljen \u0161ezdesetih godina XIX veka, a godine 1878. odlukom Berlinskog kongresa, vra\u0107en je Crnoj Gori.<\/p>\n","protected":false},"excerpt":{"rendered":"<p>\u017dabljak Crnojevi\u0107a je ostrvska tvr\u0111ava u Skadarskom jezeru u blizini u\u0161\u0107a Mora\u010de. Pretpostavlja se da je \u017dabljak osnovan tokom X veka, dok prva poznata pisana svedo\u010danstva o njemu poti\u010du iz sredine XV veka. Bio je u posedu vlastelinske porodice Crnojevi\u0107a, pa je po tome i dobio naziv. Postaje prestonica Crnojevi\u0107a, do 1478. godine, kada ga [&hellip;]<\/p>\n","protected":false},"author":1,"featured_media":454,"comment_status":"open","ping_status":"open","sticky":false,"template":"","format":"standard","meta":{"_et_pb_use_builder":"off","_et_pb_old_content":"","_et_gb_content_width":"","footnotes":""},"categories":[1],"tags":[],"class_list":["post-451","post","type-post","status-publish","format-standard","has-post-thumbnail","hentry","category-nekategorizovano"],"_links":{"self":[{"href":"https:\/\/visitcetinje.com\/lat\/wp-json\/wp\/v2\/posts\/451","targetHints":{"allow":["GET"]}}],"collection":[{"href":"https:\/\/visitcetinje.com\/lat\/wp-json\/wp\/v2\/posts"}],"about":[{"href":"https:\/\/visitcetinje.com\/lat\/wp-json\/wp\/v2\/types\/post"}],"author":[{"embeddable":true,"href":"https:\/\/visitcetinje.com\/lat\/wp-json\/wp\/v2\/users\/1"}],"replies":[{"embeddable":true,"href":"https:\/\/visitcetinje.com\/lat\/wp-json\/wp\/v2\/comments?post=451"}],"version-history":[{"count":2,"href":"https:\/\/visitcetinje.com\/lat\/wp-json\/wp\/v2\/posts\/451\/revisions"}],"predecessor-version":[{"id":621,"href":"https:\/\/visitcetinje.com\/lat\/wp-json\/wp\/v2\/posts\/451\/revisions\/621"}],"wp:featuredmedia":[{"embeddable":true,"href":"https:\/\/visitcetinje.com\/lat\/wp-json\/wp\/v2\/media\/454"}],"wp:attachment":[{"href":"https:\/\/visitcetinje.com\/lat\/wp-json\/wp\/v2\/media?parent=451"}],"wp:term":[{"taxonomy":"category","embeddable":true,"href":"https:\/\/visitcetinje.com\/lat\/wp-json\/wp\/v2\/categories?post=451"},{"taxonomy":"post_tag","embeddable":true,"href":"https:\/\/visitcetinje.com\/lat\/wp-json\/wp\/v2\/tags?post=451"}],"curies":[{"name":"wp","href":"https:\/\/api.w.org\/{rel}","templated":true}]}}